{"id":80,"date":"2013-05-23T22:59:08","date_gmt":"2013-05-23T22:59:08","guid":{"rendered":"http:\/\/huelgametal.sindicatounitario.net\/?p=80"},"modified":"2013-05-23T22:59:08","modified_gmt":"2013-05-23T22:59:08","slug":"aplazado-el-inicio-de-huelga-del-metal","status":"publish","type":"post","link":"https:\/\/huelgametal.sindicatounitario.net\/?p=80","title":{"rendered":"Aplazado el inicio de huelga del metal"},"content":{"rendered":"<p><a href=\"https:\/\/huelgametal.sindicatounitario.net\/wp-content\/uploads\/2013\/05\/P5230038_1.jpg\"><img loading=\"lazy\" decoding=\"async\" class=\"alignnone size-medium wp-image-79 aligncenter\" alt=\"OLYMPUS DIGITAL CAMERA\" src=\"https:\/\/huelgametal.sindicatounitario.net\/wp-content\/uploads\/2013\/05\/P5230038_1-300x225.jpg\" width=\"300\" height=\"225\" srcset=\"https:\/\/huelgametal.sindicatounitario.net\/wp-content\/uploads\/2013\/05\/P5230038_1-300x225.jpg 300w, https:\/\/huelgametal.sindicatounitario.net\/wp-content\/uploads\/2013\/05\/P5230038_1.jpg 804w\" sizes=\"auto, (max-width: 300px) 100vw, 300px\" \/><\/a><\/p>\n<p>En la asamblea general celebrada ayer jueves 23 de mayo, se ha decidido por abrumadora mayor\u00eda, aplazar el inicio de la huelga que estaba previsto para el lunes 27, en base a las siguientes reflexiones:<\/p>\n<p>1. La segunda propuesta de la patronal, a\u00fan m\u00e1s dura que la anterior, ha producido un acercamiento entre los sindicatos.<\/p>\n<p>2. Los tres representantes sindicales se han citado para hoy viernes a las 9,00 horas, al objeto de acercar posturas y aunar fuerzas para vencer la intransigencia de la patronal a rebajarnos los salarios y a perder derechos hist\u00f3ricos del sector.<\/p>\n<p>3. Todos hemos considerado necesario reforzar el trabajo de informaci\u00f3n al resto de compa\u00f1eros que a\u00fan no han entendido el \u00a0peligro de desaparici\u00f3n de nuestros convenios y las consecuencias, entre ellas, dejar a nuestros hijos y nietos un mundo laboral sin derechos, de esclavos.<\/p>\n<p>4. El \u00e9xito de asistencia, participaci\u00f3n y contundencia de las intervenciones de los asistentes nos ha servido para salir m\u00e1s reforzados en nuestro convencimiento de \u00abmorir con las botas puestas\u00bb en la defensa del convenio.<\/p>\n<p>5. Se opta por fijar la nueva fecha de inicio de la huelga entre todos los sindicatos y de promover movilizaciones conjuntas entre tanto y, seg\u00fan el desarrollo de la negociaci\u00f3n, da comienzo la misma.<\/p>\n<p><a href=\"https:\/\/huelgametal.sindicatounitario.net\/wp-content\/uploads\/2013\/05\/P5230048_.jpg\"><img loading=\"lazy\" decoding=\"async\" class=\"alignnone size-medium wp-image-76\" alt=\"OLYMPUS DIGITAL CAMERA\" src=\"https:\/\/huelgametal.sindicatounitario.net\/wp-content\/uploads\/2013\/05\/P5230048_-300x225.jpg\" width=\"300\" height=\"225\" srcset=\"https:\/\/huelgametal.sindicatounitario.net\/wp-content\/uploads\/2013\/05\/P5230048_-300x225.jpg 300w, https:\/\/huelgametal.sindicatounitario.net\/wp-content\/uploads\/2013\/05\/P5230048_.jpg 804w\" sizes=\"auto, (max-width: 300px) 100vw, 300px\" \/><\/a><\/p>\n<p>El comit\u00e9 de huelga continuar\u00e1 su labor, entre otras, de coordinar todas las medidas de presi\u00f3n que legalmente tengan lugar y de difundir los contenidos de la negociaci\u00f3n colectiva a todos los trabajadores del sector y de la ciudadan\u00eda de Huelva.<\/p>\n<p><a href=\"https:\/\/huelgametal.sindicatounitario.net\/wp-content\/uploads\/2013\/05\/P5230054_.jpg\"><img loading=\"lazy\" decoding=\"async\" class=\"alignnone size-medium wp-image-77 alignright\" alt=\"OLYMPUS DIGITAL CAMERA\" src=\"https:\/\/huelgametal.sindicatounitario.net\/wp-content\/uploads\/2013\/05\/P5230054_-300x225.jpg\" width=\"300\" height=\"225\" srcset=\"https:\/\/huelgametal.sindicatounitario.net\/wp-content\/uploads\/2013\/05\/P5230054_-300x225.jpg 300w, https:\/\/huelgametal.sindicatounitario.net\/wp-content\/uploads\/2013\/05\/P5230054_.jpg 804w\" sizes=\"auto, (max-width: 300px) 100vw, 300px\" \/><\/a><\/p>\n<p>&nbsp;<\/p>\n<p>Muchos m\u00e1s asistentes de los que algunos se imaginaban. La asamblea nos ha servido, como han reconocido muchos al finalizar, para salir m\u00e1s reforzados en nuestro convencimiento de darlo todo para no quedarnos sin el convenio provincial del metal.<\/p>\n<p>En este mismo blog el comit\u00e9 de huelga seguir\u00e1 informando y convocando las acciones y movilizaciones que sean necesarias hasta conseguir que el convenio se quede como est\u00e1 m\u00e1s el IPC y hasta que la AIQB obligue su cumplimiento a las contratas.<\/p>\n","protected":false},"excerpt":{"rendered":"<p>En la asamblea general celebrada ayer jueves 23 de mayo, se ha decidido por abrumadora mayor\u00eda, aplazar el inicio de la huelga que estaba previsto para el lunes 27, en base a las siguientes reflexiones: 1. La segunda propuesta de la patronal, a\u00fan m\u00e1s dura que la anterior, ha producido un acercamiento entre los sindicatos. [&hellip;]<\/p>\n","protected":false},"author":1,"featured_media":0,"comment_status":"open","ping_status":"open","sticky":false,"template":"","format":"standard","meta":{"footnotes":""},"categories":[1],"tags":[],"class_list":["post-80","post","type-post","status-publish","format-standard","hentry","category-uncategorized"],"_links":{"self":[{"href":"https:\/\/huelgametal.sindicatounitario.net\/index.php?rest_route=\/wp\/v2\/posts\/80","targetHints":{"allow":["GET"]}}],"collection":[{"href":"https:\/\/huelgametal.sindicatounitario.net\/index.php?rest_route=\/wp\/v2\/posts"}],"about":[{"href":"https:\/\/huelgametal.sindicatounitario.net\/index.php?rest_route=\/wp\/v2\/types\/post"}],"author":[{"embeddable":true,"href":"https:\/\/huelgametal.sindicatounitario.net\/index.php?rest_route=\/wp\/v2\/users\/1"}],"replies":[{"embeddable":true,"href":"https:\/\/huelgametal.sindicatounitario.net\/index.php?rest_route=%2Fwp%2Fv2%2Fcomments&post=80"}],"version-history":[{"count":3,"href":"https:\/\/huelgametal.sindicatounitario.net\/index.php?rest_route=\/wp\/v2\/posts\/80\/revisions"}],"predecessor-version":[{"id":83,"href":"https:\/\/huelgametal.sindicatounitario.net\/index.php?rest_route=\/wp\/v2\/posts\/80\/revisions\/83"}],"wp:attachment":[{"href":"https:\/\/huelgametal.sindicatounitario.net\/index.php?rest_route=%2Fwp%2Fv2%2Fmedia&parent=80"}],"wp:term":[{"taxonomy":"category","embeddable":true,"href":"https:\/\/huelgametal.sindicatounitario.net\/index.php?rest_route=%2Fwp%2Fv2%2Fcategories&post=80"},{"taxonomy":"post_tag","embeddable":true,"href":"https:\/\/huelgametal.sindicatounitario.net\/index.php?rest_route=%2Fwp%2Fv2%2Ftags&post=80"}],"curies":[{"name":"wp","href":"https:\/\/api.w.org\/{rel}","templated":true}]}}