{"id":151,"date":"2013-07-04T20:03:46","date_gmt":"2013-07-04T20:03:46","guid":{"rendered":"http:\/\/huelgametal.sindicatounitario.net\/?p=151"},"modified":"2013-07-04T20:03:46","modified_gmt":"2013-07-04T20:03:46","slug":"fin-de-la-primera-etapa-en-la-negociacion-del-convenio","status":"publish","type":"post","link":"https:\/\/huelgametal.sindicatounitario.net\/?p=151","title":{"rendered":"Fin de la primera etapa en la negociaci\u00f3n del convenio"},"content":{"rendered":"<p>Con la firma del acuerdo de ampliaci\u00f3n de la ultra actividad del convenio de montajes hasta el pr\u00f3ximo d\u00eda 31 de diciembre, hemos concluido una primera etapa en la lucha de los trabajadores por la defensa de los derechos contenidos en el convenio y de nuestros salarios.<\/p>\n<p>Puede ser acertado hacer una reflexi\u00f3n sobre esta etapa, m\u00e1s que nada que para desarrollar nuestros aciertos y eliminar nuestros errores para estar mejor preparados y con mejores fuerzas para dar el siguiente paso en la negociaci\u00f3n colectiva.<\/p>\n<p>Tras unos primeros momentos de desacuerdo entre las organizaciones sindicales, la avaricia de los empresarios, empe\u00f1ados en bajarnos los salarios en 200 euros y la posibilidad de que el convenio quede en papel mojado tras las \u00faltimas reformas laborales de los gobiernos de Zapatero y Rajoy, nos ha obligado dejar en un segundo t\u00e9rmino cualquier objetivo que no fuera la defensa del convenio y la lucha por la unidad sindical.<\/p>\n<p>Gracias al trabajo del comit\u00e9 de huelga y de los delegados del sindicato en los centros de trabajo donde contamos con afiliados, esa unidad se ha ido tejiendo d\u00eda a d\u00eda hasta poder llegar a la convocatoria y realizaci\u00f3n de una primera manifestaci\u00f3n conjunta, convocada por todas las fuerzas sindicales.<\/p>\n<p>El \u00e9xito de la misma, a pesar de los problemas que tuvimos con Subdelegaci\u00f3n del Gobierno, provoc\u00f3 la celebraci\u00f3n de una primera asamblea de delegados conjunta y de \u00e9sta, la convocatoria de la primera asamblea general de trabajadores.<\/p>\n<p>La patronal por su parte segu\u00eda forzando la m\u00e1quina para conseguir un primer acuerdo de claudicaci\u00f3n de los sindicatos antes de la fecha de 8 de julio, cuando el convenio dejaba de existir si no se produc\u00eda la firma de uno nuevo. Y aunque sab\u00edamos que ellos no se pod\u00edan permitir dejar a las empresas del sector sin convenio, algunos miembros de la comisi\u00f3n negociadora segu\u00edan manteniendo que deb\u00edamos \u201cdejar pelos en la gatera\u201d.<\/p>\n<p>No obstante, el \u00e9xito de la asamblea de trabajadores insufl\u00f3 fortaleza a la comisi\u00f3n negociadora y entonces, en la mesa de negociaci\u00f3n del d\u00eda jueves 27 de junio pas\u00f3 lo siguiente:<\/p>\n<ol>\n<li>El presidente de la mesa da lectura a la \u00faltima propuesta conjunta de los sindicatos.<\/li>\n<li>A continuaci\u00f3n toma la palabra el Sindicato Unitario para manifestar que \u201cnos desistimos de esa propuesta pues tras la asamblea multitudinaria de trabajadores hab\u00edamos establecido que una subida de un 20% cubr\u00eda todas nuestras necesidades\u201d.<\/li>\n<li>A continuaci\u00f3n el presidente de la mesa pregunta si esa subida la propon\u00edamos para el primer a\u00f1o o si de forma progresiva durante la vigencia del convenio.<\/li>\n<li>Le respondimos que en aras a llegar a un acuerdo y para mostrar nuestro buen talante negociador que nos conform\u00e1bamos con la subida progresiva del 20%, e incluso, dependiendo de la negociaci\u00f3n, podr\u00edamos conformarnos con un 17%, para que no nos digan intransigentes. Tambi\u00e9n que a partir de ese momento \u201cel Sindicato Unitario estar\u00e1 para apoyar todas las medidas de presi\u00f3n que los sindicatos mayoritarios vayan a plantear\u201d.<\/li>\n<li>Toma la palabra Sebasti\u00e1n Donaire en su calidad de asesor por la UGT para plantear que, independientemente de lo que decidan los miembros de la comisi\u00f3n negociadora, comparte lo dicho por el Sindicato Unitario y que adem\u00e1s, si ten\u00edamos convocada una huelga indefinida que le di\u00e9ramos inicio que ellos la apoyar\u00e1n.<\/li>\n<li>Un miembro de CC.OO. toma la palabra para decir que hable la patronal.<\/li>\n<li>La patronal habla y dice que despu\u00e9s de haberse reunido tambi\u00e9n con los empresarios, que nos propon\u00edan un acuerdo de ampliaci\u00f3n de la ultra actividad similar a los firmados en C\u00e1diz y Granada.<\/li>\n<li>Pedimos un receso y tras valorarlo decidimos que era una buena salida quitarnos la espada de Damocles del d\u00eda 8.<\/li>\n<\/ol>\n<p>El mi\u00e9rcoles 3 de julio, en asamblea de afiliados del metal del sindicato unitario, aprobamos con un solo voto en contra, la firma del acuerdo y la desconvocatoria de la huelga.<\/p>\n<p>Hoy, 4 de julio hemos firmado dicho acuerdo y desconvocado la huelga.<\/p>\n<p>Y con esto creo que queda (muy) resumida esta primera etapa que podr\u00edamos sintetizar de la siguiente manera:<\/p>\n<ul>\n<li>Conquista de la unidad sindical, desde abajo, desde los centros de trabajo.<\/li>\n<li>Frente com\u00fan y contundente contra la patronal.<\/li>\n<li>Firma de una tregua con una parte de nuestros contrarios, la patronal de montajes.<\/li>\n<\/ul>\n<p>Ahora debemos dedicarnos con m\u00e1s fuerza y energ\u00edas a luchar contra la otra parte de nuestros contrarios, la patronal de la AIQB.<\/p>\n<p>De ella debemos conseguir un acuerdo donde la asociaci\u00f3n del Polo Qu\u00edmico exija, en las condiciones de contrataci\u00f3n de los servicios de las empresas de montajes, el cumplimiento del convenio provincial del sector.<\/p>\n<p>Sin este acuerdo cualquier convenio que firmemos no tendr\u00e1 ning\u00fan valor, pues tras las \u00faltimas reformas laborales cualquier empresa se puede descolgar del convenio cuando le venga en gana.<\/p>\n<p>Para ello ser\u00e1 necesario reforzar la unidad sindical y radicalizar el frente com\u00fan de los sindicatos y con ello conseguir una gran movilizaci\u00f3n contra la esclavitud que supone trabajar en las contratas de la AIQB y el peligro que ello representa para la seguridad y salud de gran parte de la provincia de Huelva.<\/p>\n<p>Pero esto solo depende de los trabajadores directamente afectados por el convenio, cuyo objetivo no debe de ser otro que conseguir que sus intereses se vean representados de forma mayoritaria por la parte sindical de la comisi\u00f3n negociadora.<\/p>\n<p>.A por ellos, que somos m\u00e1s. Sin nosotros no son nada.<\/p>\n","protected":false},"excerpt":{"rendered":"<p>Con la firma del acuerdo de ampliaci\u00f3n de la ultra actividad del convenio de montajes hasta el pr\u00f3ximo d\u00eda 31 de diciembre, hemos concluido una primera etapa en la lucha de los trabajadores por la defensa de los derechos contenidos en el convenio y de nuestros salarios. Puede ser acertado hacer una reflexi\u00f3n sobre esta [&hellip;]<\/p>\n","protected":false},"author":1,"featured_media":0,"comment_status":"open","ping_status":"open","sticky":false,"template":"","format":"standard","meta":{"footnotes":""},"categories":[1],"tags":[],"class_list":["post-151","post","type-post","status-publish","format-standard","hentry","category-uncategorized"],"_links":{"self":[{"href":"https:\/\/huelgametal.sindicatounitario.net\/index.php?rest_route=\/wp\/v2\/posts\/151","targetHints":{"allow":["GET"]}}],"collection":[{"href":"https:\/\/huelgametal.sindicatounitario.net\/index.php?rest_route=\/wp\/v2\/posts"}],"about":[{"href":"https:\/\/huelgametal.sindicatounitario.net\/index.php?rest_route=\/wp\/v2\/types\/post"}],"author":[{"embeddable":true,"href":"https:\/\/huelgametal.sindicatounitario.net\/index.php?rest_route=\/wp\/v2\/users\/1"}],"replies":[{"embeddable":true,"href":"https:\/\/huelgametal.sindicatounitario.net\/index.php?rest_route=%2Fwp%2Fv2%2Fcomments&post=151"}],"version-history":[{"count":2,"href":"https:\/\/huelgametal.sindicatounitario.net\/index.php?rest_route=\/wp\/v2\/posts\/151\/revisions"}],"predecessor-version":[{"id":153,"href":"https:\/\/huelgametal.sindicatounitario.net\/index.php?rest_route=\/wp\/v2\/posts\/151\/revisions\/153"}],"wp:attachment":[{"href":"https:\/\/huelgametal.sindicatounitario.net\/index.php?rest_route=%2Fwp%2Fv2%2Fmedia&parent=151"}],"wp:term":[{"taxonomy":"category","embeddable":true,"href":"https:\/\/huelgametal.sindicatounitario.net\/index.php?rest_route=%2Fwp%2Fv2%2Fcategories&post=151"},{"taxonomy":"post_tag","embeddable":true,"href":"https:\/\/huelgametal.sindicatounitario.net\/index.php?rest_route=%2Fwp%2Fv2%2Ftags&post=151"}],"curies":[{"name":"wp","href":"https:\/\/api.w.org\/{rel}","templated":true}]}}